{"id":863,"date":"2017-05-19T16:32:39","date_gmt":"2017-05-19T19:32:39","guid":{"rendered":"https:\/\/desenvolvimento.bravo.st\/hbb\/?p=863"},"modified":"2024-01-23T16:33:53","modified_gmt":"2024-01-23T19:33:53","slug":"enfermeira-fala-sobre-primeiros-socorros","status":"publish","type":"post","link":"https:\/\/www.hbb.com.br\/site\/enfermeira-fala-sobre-primeiros-socorros\/","title":{"rendered":"Enfermeira fala sobre Primeiros Socorros"},"content":{"rendered":"<p>Dentro do Programa N\u00f3s Cuidamos, N\u00f3s Ensinamos do Hospital Bruno Born, a enfermeira e coordenadora da Emerg\u00eancia Rosa Lemos palestrou, no dia 10 de maio, sobre Primeiros Socorros para os funcion\u00e1rios da Univates, durante a Semana Interna de Preven\u00e7\u00e3o de Acidentes de Trabalho \u2013 SIPAT. A enfermeira tamb\u00e9m esteve em S\u00e3o Jos\u00e9 do Herval falando sobre o mesmo assunto para os funcion\u00e1rios da Secret\u00e1ria Municipal de Sa\u00fade.<\/p>\n<div class=\"gallery clearfix\"><h4>Galeria de fotos<\/h4>\n<ul>\n<li><a href=\"https:\/\/www.hbb.com.br\/site\/wp-content\/uploads\/2024\/01\/phpThumb_generated_thumbnail-4-3.jpeg\" title=\"\"><img loading=\"lazy\" decoding=\"async\" width=\"540\" height=\"345\" src=\"https:\/\/www.hbb.com.br\/site\/wp-content\/uploads\/2024\/01\/phpThumb_generated_thumbnail-4-3.jpeg\" class=\"attachment-thumbnail size-thumbnail\" alt=\"\" srcset=\"https:\/\/www.hbb.com.br\/site\/wp-content\/uploads\/2024\/01\/phpThumb_generated_thumbnail-4-3.jpeg 540w, https:\/\/www.hbb.com.br\/site\/wp-content\/uploads\/2024\/01\/phpThumb_generated_thumbnail-4-3-150x96.jpeg 150w\" sizes=\"(max-width: 540px) 100vw, 540px\" \/><\/a><\/li><li><a href=\"https:\/\/www.hbb.com.br\/site\/wp-content\/uploads\/2024\/01\/hbb-enfermeira-fala-sobre-primeiros-socorros-imagem-palestra-primeiros-socorros-1-1.jpg\" title=\"\"><img loading=\"lazy\" decoding=\"async\" width=\"447\" height=\"600\" src=\"https:\/\/www.hbb.com.br\/site\/wp-content\/uploads\/2024\/01\/hbb-enfermeira-fala-sobre-primeiros-socorros-imagem-palestra-primeiros-socorros-1-1-447x600.jpg\" class=\"attachment-thumbnail size-thumbnail\" alt=\"\" srcset=\"https:\/\/www.hbb.com.br\/site\/wp-content\/uploads\/2024\/01\/hbb-enfermeira-fala-sobre-primeiros-socorros-imagem-palestra-primeiros-socorros-1-1-447x600.jpg 447w, https:\/\/www.hbb.com.br\/site\/wp-content\/uploads\/2024\/01\/hbb-enfermeira-fala-sobre-primeiros-socorros-imagem-palestra-primeiros-socorros-1-1-112x150.jpg 112w, https:\/\/www.hbb.com.br\/site\/wp-content\/uploads\/2024\/01\/hbb-enfermeira-fala-sobre-primeiros-socorros-imagem-palestra-primeiros-socorros-1-1.jpg 520w\" sizes=\"(max-width: 447px) 100vw, 447px\" \/><\/a><\/li><\/ul>\n<\/div>\n\n","protected":false},"excerpt":{"rendered":"<p>Dentro do Programa N\u00f3s Cuidamos, N\u00f3s Ensinamos do Hospital Bruno Born, a enfermeira e coordenadora da Emerg\u00eancia Rosa Lemos palestrou, no dia 10 de maio, sobre Primeiros Socorros para os funcion\u00e1rios da Univates, durante a Semana Interna de Preven\u00e7\u00e3o de\u2026<\/p>\n","protected":false},"author":1,"featured_media":864,"comment_status":"closed","ping_status":"closed","sticky":false,"template":"","format":"standard","meta":{"_acf_changed":false,"footnotes":""},"categories":[1],"acf":[],"_links":{"self":[{"href":"https:\/\/www.hbb.com.br\/site\/wp-json\/wp\/v2\/posts\/863"}],"collection":[{"href":"https:\/\/www.hbb.com.br\/site\/wp-json\/wp\/v2\/posts"}],"about":[{"href":"https:\/\/www.hbb.com.br\/site\/wp-json\/wp\/v2\/types\/post"}],"author":[{"embeddable":true,"href":"https:\/\/www.hbb.com.br\/site\/wp-json\/wp\/v2\/users\/1"}],"replies":[{"embeddable":true,"href":"https:\/\/www.hbb.com.br\/site\/wp-json\/wp\/v2\/comments?post=863"}],"version-history":[{"count":1,"href":"https:\/\/www.hbb.com.br\/site\/wp-json\/wp\/v2\/posts\/863\/revisions"}],"predecessor-version":[{"id":866,"href":"https:\/\/www.hbb.com.br\/site\/wp-json\/wp\/v2\/posts\/863\/revisions\/866"}],"wp:featuredmedia":[{"embeddable":true,"href":"https:\/\/www.hbb.com.br\/site\/wp-json\/wp\/v2\/media\/864"}],"wp:attachment":[{"href":"https:\/\/www.hbb.com.br\/site\/wp-json\/wp\/v2\/media?parent=863"}],"wp:term":[{"taxonomy":"category","embeddable":true,"href":"https:\/\/www.hbb.com.br\/site\/wp-json\/wp\/v2\/categories?post=863"}],"curies":[{"name":"wp","href":"https:\/\/api.w.org\/{rel}","templated":true}]}}