{"id":568,"date":"2021-08-05T11:54:15","date_gmt":"2021-08-05T14:54:15","guid":{"rendered":"https:\/\/desenvolvimento.bravo.st\/hbb\/?p=568"},"modified":"2024-01-23T11:55:14","modified_gmt":"2024-01-23T14:55:14","slug":"vice-presidente-e-diretor-executivo-do-hbb-sao-agraciados-com-medalha","status":"publish","type":"post","link":"https:\/\/www.hbb.com.br\/site\/vice-presidente-e-diretor-executivo-do-hbb-sao-agraciados-com-medalha\/","title":{"rendered":"Vice-Presidente e Diretor Executivo do HBB s\u00e3o agraciados com medalha"},"content":{"rendered":"<p>Principal honraria concedida pelo Munic\u00edpio, medalha Capit\u00e3o Pedro Siebra homenageia quem se destacou ao longo do ano<br \/>\nO Vice-Presidente do Hospital Bruno Born (HBB), Dr. Marcos Rog\u00e9rio de Castro Frank, e o Diretor Executivo da institui\u00e7\u00e3o, Cristiano Dickel, receberam na manh\u00e3 desta quinta-feira a Medalha Capit\u00e3o Pedro Siebra.<\/p>\n<p>A honraria \u00e9 concedida pelo Munic\u00edpio de Lajeado \u00e0queles que se destacaram por suas a\u00e7\u00f5es, especialmente na \u00e1rea da seguran\u00e7a p\u00fablica, ao longo do ano de 2020. Em 2021, a \u00e1rea da Sa\u00fade, em fun\u00e7\u00e3o da pandemia, tamb\u00e9m foi homenageada.<br \/>\nAo todo 19 pessoas foram agraciadas com o grau ouro, em solenidade realizada pela manh\u00e3. \u00c0 tarde, outros 23 cidad\u00e3os receberam medalhas grau prata.<\/p>\n<p>Em seu pronunciamento, Frank disse sentir-se honrado com a homenagem e admitiu que o per\u00edodo de pandemia tem sido desafiador, e destacou a import\u00e2ncia do trabalho realizado com apoio da Administra\u00e7\u00e3o Municipal, em especial com a compra de respiradores.<br \/>\n\u201c\u00c9 uma honra receber esta medalha, geralmente concedida a pessoas ligadas \u00e0 \u00e1rea da seguran\u00e7a p\u00fablica. Vivemos em um momento muito importante, diferente de tudo, e o reconhecimento dos esfor\u00e7os de todos os profissionais ligados \u00e0 \u00e1rea da sa\u00fade nos orgulha. Todos os que atuam no combate \u00e0 pandemia merecem os parab\u00e9ns\u201d, destaca, por sua vez, Cristiano Dickel.<\/p>\n","protected":false},"excerpt":{"rendered":"<p>Principal honraria concedida pelo Munic\u00edpio, medalha Capit\u00e3o Pedro Siebra homenageia quem se destacou ao longo do ano O Vice-Presidente do Hospital Bruno Born (HBB), Dr. Marcos Rog\u00e9rio de Castro Frank, e o Diretor Executivo da institui\u00e7\u00e3o, Cristiano Dickel, receberam na\u2026<\/p>\n","protected":false},"author":1,"featured_media":569,"comment_status":"closed","ping_status":"closed","sticky":false,"template":"","format":"standard","meta":{"_acf_changed":false,"footnotes":""},"categories":[1],"acf":[],"_links":{"self":[{"href":"https:\/\/www.hbb.com.br\/site\/wp-json\/wp\/v2\/posts\/568"}],"collection":[{"href":"https:\/\/www.hbb.com.br\/site\/wp-json\/wp\/v2\/posts"}],"about":[{"href":"https:\/\/www.hbb.com.br\/site\/wp-json\/wp\/v2\/types\/post"}],"author":[{"embeddable":true,"href":"https:\/\/www.hbb.com.br\/site\/wp-json\/wp\/v2\/users\/1"}],"replies":[{"embeddable":true,"href":"https:\/\/www.hbb.com.br\/site\/wp-json\/wp\/v2\/comments?post=568"}],"version-history":[{"count":1,"href":"https:\/\/www.hbb.com.br\/site\/wp-json\/wp\/v2\/posts\/568\/revisions"}],"predecessor-version":[{"id":570,"href":"https:\/\/www.hbb.com.br\/site\/wp-json\/wp\/v2\/posts\/568\/revisions\/570"}],"wp:featuredmedia":[{"embeddable":true,"href":"https:\/\/www.hbb.com.br\/site\/wp-json\/wp\/v2\/media\/569"}],"wp:attachment":[{"href":"https:\/\/www.hbb.com.br\/site\/wp-json\/wp\/v2\/media?parent=568"}],"wp:term":[{"taxonomy":"category","embeddable":true,"href":"https:\/\/www.hbb.com.br\/site\/wp-json\/wp\/v2\/categories?post=568"}],"curies":[{"name":"wp","href":"https:\/\/api.w.org\/{rel}","templated":true}]}}