{"id":559,"date":"2021-08-24T11:49:27","date_gmt":"2021-08-24T14:49:27","guid":{"rendered":"https:\/\/desenvolvimento.bravo.st\/hbb\/?p=559"},"modified":"2024-01-23T11:50:18","modified_gmt":"2024-01-23T14:50:18","slug":"univates-e-hbb-lancam-projeto-conjunto","status":"publish","type":"post","link":"https:\/\/www.hbb.com.br\/site\/univates-e-hbb-lancam-projeto-conjunto\/","title":{"rendered":"Univates e HBB lan\u00e7am projeto conjunto"},"content":{"rendered":"<p>A abertura do CRIE Smart Cities, na noite desta segunda-feira, em Lajeado, teve um componente extra: a assinatura de um conv\u00eanio entre a Univates e o Hospital Bruno Born para a realiza\u00e7\u00e3o do programa Lab Aula+.<\/p>\n<p>A ideia das duas institui\u00e7\u00f5es \u00e9 desenvolver uma proposta norteadora para um centro inovador de cuidados, bem estar e qualidade de vida para idosos, em Lajeado.<\/p>\n<p>Poder\u00e3o participar do \u201cDesafio+\u201d alunos que cursam gradua\u00e7\u00e3o ou cursos t\u00e9cnicos na Univates, presenciais ou EAD. Inscritos, eles integrar\u00e3o equipes multidisciplinares que, no segundo semestre de 2021, ir\u00e3o desenvolver propostas. As melhores ser\u00e3o cedidas ao Hospital Bruno Born, e poder\u00e3o servir como base para um futuro projeto do novo Centro.<\/p>\n<p>A equipe vencedora receber\u00e1 R$ 10 mil em cr\u00e9ditos na Univates.<br \/>\n\u201cQueremos ser participantes ativos do futuro da regi\u00e3o, assim como da qualidade de vida de quem vive no Vale do Taquari. Oferecer um servi\u00e7o assim a um p\u00fablico com idade mais avan\u00e7ada reflete a preocupa\u00e7\u00e3o de duas das maiores institui\u00e7\u00f5es da regi\u00e3o. Estamos ansiosos para ver as ideias que chegar\u00e3o, e muito felizes com mais esta parceria com a Univates\u201d, analisa o Diretor Executivo do HBB, Cristiano Dickel.<\/p>\n<p>As informa\u00e7\u00f5es sobre o desafio est\u00e3o no site <a href=\"https:\/\/www.univates.br\/desafiomais.\">https:\/\/www.univates.br\/desafiomais.<\/a><\/p>\n<p><strong>BOX<\/strong><\/p>\n<p>O Crie Smart Cities tem como tema central o conceito de cidades inteligentes e come\u00e7ou nesta segunda-feira, em formato h\u00edbrido. Ser\u00e3o mais de 40 atividades a serem realizadas at\u00e9 sexta-feira (27), seis eixos tem\u00e1ticos: qualidade de vida, mobilidade urbana, sustentabilidade, educa\u00e7\u00e3o, governan\u00e7a e transforma\u00e7\u00f5es tecnol\u00f3gicas.<\/p>\n","protected":false},"excerpt":{"rendered":"<p>A abertura do CRIE Smart Cities, na noite desta segunda-feira, em Lajeado, teve um componente extra: a assinatura de um conv\u00eanio entre a Univates e o Hospital Bruno Born para a realiza\u00e7\u00e3o do programa Lab Aula+. A ideia das duas\u2026<\/p>\n","protected":false},"author":1,"featured_media":560,"comment_status":"closed","ping_status":"closed","sticky":false,"template":"","format":"standard","meta":{"_acf_changed":false,"footnotes":""},"categories":[1],"acf":[],"_links":{"self":[{"href":"https:\/\/www.hbb.com.br\/site\/wp-json\/wp\/v2\/posts\/559"}],"collection":[{"href":"https:\/\/www.hbb.com.br\/site\/wp-json\/wp\/v2\/posts"}],"about":[{"href":"https:\/\/www.hbb.com.br\/site\/wp-json\/wp\/v2\/types\/post"}],"author":[{"embeddable":true,"href":"https:\/\/www.hbb.com.br\/site\/wp-json\/wp\/v2\/users\/1"}],"replies":[{"embeddable":true,"href":"https:\/\/www.hbb.com.br\/site\/wp-json\/wp\/v2\/comments?post=559"}],"version-history":[{"count":1,"href":"https:\/\/www.hbb.com.br\/site\/wp-json\/wp\/v2\/posts\/559\/revisions"}],"predecessor-version":[{"id":561,"href":"https:\/\/www.hbb.com.br\/site\/wp-json\/wp\/v2\/posts\/559\/revisions\/561"}],"wp:featuredmedia":[{"embeddable":true,"href":"https:\/\/www.hbb.com.br\/site\/wp-json\/wp\/v2\/media\/560"}],"wp:attachment":[{"href":"https:\/\/www.hbb.com.br\/site\/wp-json\/wp\/v2\/media?parent=559"}],"wp:term":[{"taxonomy":"category","embeddable":true,"href":"https:\/\/www.hbb.com.br\/site\/wp-json\/wp\/v2\/categories?post=559"}],"curies":[{"name":"wp","href":"https:\/\/api.w.org\/{rel}","templated":true}]}}