{"id":526,"date":"2021-11-25T11:34:26","date_gmt":"2021-11-25T14:34:26","guid":{"rendered":"https:\/\/desenvolvimento.bravo.st\/hbb\/?p=526"},"modified":"2024-01-23T11:35:16","modified_gmt":"2024-01-23T14:35:16","slug":"obras-da-nova-uti-pediatrica-do-hbb-serao-lancadas-dia-2","status":"publish","type":"post","link":"https:\/\/www.hbb.com.br\/site\/obras-da-nova-uti-pediatrica-do-hbb-serao-lancadas-dia-2\/","title":{"rendered":"Obras da nova UTI Pedi\u00e1trica do HBB ser\u00e3o lan\u00e7adas dia 2"},"content":{"rendered":"<p>Se, em agosto de 2021, o clima era de apreens\u00e3o e tristeza com o fechamento da UTI Pedi\u00e1trica do Hospital Bruno Born (HBB) \u2013 a \u00fanica existente no Vale do Taquari -, dezembro inicia com sorrisos e esperan\u00e7a. Ser\u00e1 assinado dia 2, em solenidade que contar\u00e1 com a presen\u00e7a do vice-governador Ranolfo Vieira J\u00fanior e da Secret\u00e1ria Estadual de Sa\u00fade, Arita Bergmann, o in\u00edcio das obras da nova ala de atendimento pedi\u00e1trico. O espa\u00e7o poder\u00e1 atender pacientes em estado grave de 29 dias a 13 anos, e dever\u00e1 entrar em funcionamento entre seis e oito meses. A UTI Ped contar\u00e1 com 10 leitos.A constru\u00e7\u00e3o da nova UTI Pedi\u00e1trica s\u00f3 foi poss\u00edvel gra\u00e7as ao apoio do governo do Estado, que incluiu o HBB no programa Avan\u00e7ar. Ser\u00e3o destinados \u00e0 obra R$ 3,3 milh\u00f5es (R$ 1,75 milh\u00e3o para a reforma e R$ 1,55 milh\u00e3o para a compra de equipamentos). Durante os meses de fechamento o HBB n\u00e3o deixou de atender pacientes dentro desta faixa et\u00e1ria e em condi\u00e7\u00f5es cr\u00edticas.<\/p>\n<p>\u201cA colabora\u00e7\u00e3o do governo do Estado e do prefeito Marcelo Caumo foi fundamental para que consegu\u00edssemos encontrar a melhor solu\u00e7\u00e3o para este problema. O Vale do Taquari tem uma grande import\u00e2ncia para n\u00f3s, do Hospital Bruno Born, e sendo a maior institui\u00e7\u00e3o de sa\u00fade da regi\u00e3o \u00e9 fundamental que possamos oferecer este servi\u00e7o\u201d, diz Cristiano Dickel, Diretor Executivo da institui\u00e7\u00e3o. O evento de lan\u00e7amento est\u00e1 marcado para as 14h, no audit\u00f3rio localizado junto \u00e0 administra\u00e7\u00e3o do HBB. Na solenidade ocorrer\u00e1 tamb\u00e9m a inaugura\u00e7\u00e3o da segunda parte da reforma da Emerg\u00eancia.<\/p>\n","protected":false},"excerpt":{"rendered":"<p>Se, em agosto de 2021, o clima era de apreens\u00e3o e tristeza com o fechamento da UTI Pedi\u00e1trica do Hospital Bruno Born (HBB) \u2013 a \u00fanica existente no Vale do Taquari -, dezembro inicia com sorrisos e esperan\u00e7a. Ser\u00e1 assinado\u2026<\/p>\n","protected":false},"author":1,"featured_media":494,"comment_status":"closed","ping_status":"closed","sticky":false,"template":"","format":"standard","meta":{"_acf_changed":false,"footnotes":""},"categories":[1],"acf":[],"_links":{"self":[{"href":"https:\/\/www.hbb.com.br\/site\/wp-json\/wp\/v2\/posts\/526"}],"collection":[{"href":"https:\/\/www.hbb.com.br\/site\/wp-json\/wp\/v2\/posts"}],"about":[{"href":"https:\/\/www.hbb.com.br\/site\/wp-json\/wp\/v2\/types\/post"}],"author":[{"embeddable":true,"href":"https:\/\/www.hbb.com.br\/site\/wp-json\/wp\/v2\/users\/1"}],"replies":[{"embeddable":true,"href":"https:\/\/www.hbb.com.br\/site\/wp-json\/wp\/v2\/comments?post=526"}],"version-history":[{"count":1,"href":"https:\/\/www.hbb.com.br\/site\/wp-json\/wp\/v2\/posts\/526\/revisions"}],"predecessor-version":[{"id":527,"href":"https:\/\/www.hbb.com.br\/site\/wp-json\/wp\/v2\/posts\/526\/revisions\/527"}],"wp:featuredmedia":[{"embeddable":true,"href":"https:\/\/www.hbb.com.br\/site\/wp-json\/wp\/v2\/media\/494"}],"wp:attachment":[{"href":"https:\/\/www.hbb.com.br\/site\/wp-json\/wp\/v2\/media?parent=526"}],"wp:term":[{"taxonomy":"category","embeddable":true,"href":"https:\/\/www.hbb.com.br\/site\/wp-json\/wp\/v2\/categories?post=526"}],"curies":[{"name":"wp","href":"https:\/\/api.w.org\/{rel}","templated":true}]}}