{"id":481,"date":"2022-09-22T10:58:56","date_gmt":"2022-09-22T13:58:56","guid":{"rendered":"https:\/\/desenvolvimento.bravo.st\/hbb\/?p=481"},"modified":"2024-01-23T10:59:39","modified_gmt":"2024-01-23T13:59:39","slug":"em-tres-meses-de-funcionamento-uti-ped-ja-salvou-a-vida-de-75-criancas","status":"publish","type":"post","link":"https:\/\/www.hbb.com.br\/site\/em-tres-meses-de-funcionamento-uti-ped-ja-salvou-a-vida-de-75-criancas\/","title":{"rendered":"Em tr\u00eas meses de funcionamento, UTI PED j\u00e1 salvou a vida de 75 crian\u00e7as"},"content":{"rendered":"<p>Reinaugurada na metade de junho, a UTI Pedi\u00e1trica do Hospital Bruno Born, tem apresentado resultados positivos desde a reabertura.<br \/>\nO setor havia sido fechado na metade de 2021 devido a problemas com a legisla\u00e7\u00e3o. No per\u00edodo, deixou de atender pequenos pacientes vindos de diversas cidades do Estado, gerando um problema de dif\u00edcil solu\u00e7\u00e3o para respons\u00e1veis pelas crian\u00e7as e tamb\u00e9m para profissionais da sa\u00fade, que precisavam, durante os meses de fechamento, encontrar solu\u00e7\u00f5es para o atendimento \u2013 sendo necess\u00e1rio, em alguns casos, enviar os pacientes em estado grave para hospitais de outras regi\u00f5es.<\/p>\n<p>Em dezembro, o governo estadual repassou verbas atrav\u00e9s do programa Avan\u00e7ar na Sa\u00fade, o que permitiu que a nova UTI fosse constru\u00edda em tempo recorde, antes do prazo previsto.<\/p>\n<p>Desde ent\u00e3o, o setor \u2013 coordenado pela enfermeira Giovana Johann, tendo como m\u00e9dica respons\u00e1vel t\u00e9cnica a Intensivista Pedi\u00e1trica Kailene Serena Spessato \u2013 j\u00e1 atendeu 77 crian\u00e7as entre 29 dias e 13 anos, vindas de 39 cidades do Estado, com apenas dois \u00f3bitos.<br \/>\nA UTI Pedi\u00e1trica conta com 10 leitos e sua constru\u00e7\u00e3o foi um investimento de R$ 3,36 milh\u00f5es (R$ 1,74 milh\u00e3o oriundos de recursos estaduais para reforma, R$ 1,55 milh\u00e3o de recursos do Estado para aquisi\u00e7\u00e3o de equipamentos e, o restante, recursos do pr\u00f3prio HBB).<\/p>\n<p>\u201cA UTI Pedi\u00e1trica \u00e9 de grande import\u00e2ncia para o Estado e para regi\u00e3o, pois est\u00e1 capacitada a atender crian\u00e7as que necessitam de cuidados intensivos com o suporte de equipamentos de \u00faltima gera\u00e7\u00e3o e uma equipe multiprofissional qualificada, capaz de prestar seu servi\u00e7o tanto para os pacientes quanto para seus familiares\u201d, observa Giovana Johann.<\/p>\n","protected":false},"excerpt":{"rendered":"<p>Reinaugurada na metade de junho, a UTI Pedi\u00e1trica do Hospital Bruno Born, tem apresentado resultados positivos desde a reabertura. O setor havia sido fechado na metade de 2021 devido a problemas com a legisla\u00e7\u00e3o. No per\u00edodo, deixou de atender pequenos\u2026<\/p>\n","protected":false},"author":1,"featured_media":482,"comment_status":"closed","ping_status":"closed","sticky":false,"template":"","format":"standard","meta":{"_acf_changed":false,"footnotes":""},"categories":[1],"acf":[],"_links":{"self":[{"href":"https:\/\/www.hbb.com.br\/site\/wp-json\/wp\/v2\/posts\/481"}],"collection":[{"href":"https:\/\/www.hbb.com.br\/site\/wp-json\/wp\/v2\/posts"}],"about":[{"href":"https:\/\/www.hbb.com.br\/site\/wp-json\/wp\/v2\/types\/post"}],"author":[{"embeddable":true,"href":"https:\/\/www.hbb.com.br\/site\/wp-json\/wp\/v2\/users\/1"}],"replies":[{"embeddable":true,"href":"https:\/\/www.hbb.com.br\/site\/wp-json\/wp\/v2\/comments?post=481"}],"version-history":[{"count":1,"href":"https:\/\/www.hbb.com.br\/site\/wp-json\/wp\/v2\/posts\/481\/revisions"}],"predecessor-version":[{"id":483,"href":"https:\/\/www.hbb.com.br\/site\/wp-json\/wp\/v2\/posts\/481\/revisions\/483"}],"wp:featuredmedia":[{"embeddable":true,"href":"https:\/\/www.hbb.com.br\/site\/wp-json\/wp\/v2\/media\/482"}],"wp:attachment":[{"href":"https:\/\/www.hbb.com.br\/site\/wp-json\/wp\/v2\/media?parent=481"}],"wp:term":[{"taxonomy":"category","embeddable":true,"href":"https:\/\/www.hbb.com.br\/site\/wp-json\/wp\/v2\/categories?post=481"}],"curies":[{"name":"wp","href":"https:\/\/api.w.org\/{rel}","templated":true}]}}