{"id":4002,"date":"2025-11-28T16:35:48","date_gmt":"2025-11-28T19:35:48","guid":{"rendered":"https:\/\/www.hbb.com.br\/site\/?p=4002"},"modified":"2025-11-28T16:35:48","modified_gmt":"2025-11-28T19:35:48","slug":"inauguracao-do-ambulatorio-saude-60","status":"publish","type":"post","link":"https:\/\/www.hbb.com.br\/site\/inauguracao-do-ambulatorio-saude-60\/","title":{"rendered":"Inaugura\u00e7\u00e3o do Ambulat\u00f3rio Sa\u00fade 60+"},"content":{"rendered":"<p>Na presen\u00e7a da Secret\u00e1ria Estadual de Sa\u00fade, Arita Bergmann, o Hospital Bruno Born inaugurou nessa quarta-feira (26), o Servi\u00e7o Especializado de Sa\u00fade da Pessoa Idosa \u2013 Sa\u00fade 60+ RS.<br \/>\nLocalizado no pr\u00e9dio que anteriormente abrigava o INSS, o servi\u00e7o conta com equipe completa e qualificada para este tipo de atendimento \u2013 incluindo profissional m\u00e9dica geriatra.<br \/>\nO ambulat\u00f3rio ainda conta com neurologista, assistente social, farmac\u00eautico, psic\u00f3logo, equipe de enfermagem, fisioterapeuta e nutricionista. O espa\u00e7o j\u00e1 atende pacientes desde 1\u00ba de outubro.<\/p>\n<p>O espa\u00e7o foi poss\u00edvel atrav\u00e9s programa Sa\u00fade 60+ RS, do governo do Estado e tem o objetivo de ofertar atendimento ambulatorial especializado e regionalizado, para pessoas com 60 anos ou mais, classificadas como &#8220;fr\u00e1geis&#8221; na Aten\u00e7\u00e3o Prim\u00e1ria \u00e0 Sa\u00fade (APS) e\/ou com diagn\u00f3stico de dem\u00eancia. N\u00e3o ser\u00e1 uma cl\u00ednica de simples atendimento, com acesso livre: o paciente ser\u00e1 triado pela Secretaria de Sa\u00fade atrav\u00e9s de uma Avalia\u00e7\u00e3o Multidimensional da Pessoa Idosa. Caber\u00e1 \u00e0 16\u00aa Coordenadoria Regional de Sa\u00fade encaminhar os idosos que poder\u00e3o ser atendidos.<\/p>\n","protected":false},"excerpt":{"rendered":"<p>Na presen\u00e7a da Secret\u00e1ria Estadual de Sa\u00fade, Arita Bergmann, o Hospital Bruno Born inaugurou nessa quarta-feira (26), o Servi\u00e7o Especializado de Sa\u00fade da Pessoa Idosa \u2013 Sa\u00fade 60+ RS. Localizado no pr\u00e9dio que anteriormente abrigava o INSS, o servi\u00e7o conta\u2026<\/p>\n","protected":false},"author":2,"featured_media":4003,"comment_status":"closed","ping_status":"closed","sticky":false,"template":"","format":"standard","meta":{"_acf_changed":false,"footnotes":""},"categories":[1],"acf":[],"_links":{"self":[{"href":"https:\/\/www.hbb.com.br\/site\/wp-json\/wp\/v2\/posts\/4002"}],"collection":[{"href":"https:\/\/www.hbb.com.br\/site\/wp-json\/wp\/v2\/posts"}],"about":[{"href":"https:\/\/www.hbb.com.br\/site\/wp-json\/wp\/v2\/types\/post"}],"author":[{"embeddable":true,"href":"https:\/\/www.hbb.com.br\/site\/wp-json\/wp\/v2\/users\/2"}],"replies":[{"embeddable":true,"href":"https:\/\/www.hbb.com.br\/site\/wp-json\/wp\/v2\/comments?post=4002"}],"version-history":[{"count":1,"href":"https:\/\/www.hbb.com.br\/site\/wp-json\/wp\/v2\/posts\/4002\/revisions"}],"predecessor-version":[{"id":4004,"href":"https:\/\/www.hbb.com.br\/site\/wp-json\/wp\/v2\/posts\/4002\/revisions\/4004"}],"wp:featuredmedia":[{"embeddable":true,"href":"https:\/\/www.hbb.com.br\/site\/wp-json\/wp\/v2\/media\/4003"}],"wp:attachment":[{"href":"https:\/\/www.hbb.com.br\/site\/wp-json\/wp\/v2\/media?parent=4002"}],"wp:term":[{"taxonomy":"category","embeddable":true,"href":"https:\/\/www.hbb.com.br\/site\/wp-json\/wp\/v2\/categories?post=4002"}],"curies":[{"name":"wp","href":"https:\/\/api.w.org\/{rel}","templated":true}]}}