{"id":2227,"date":"2024-02-16T17:04:47","date_gmt":"2024-02-16T20:04:47","guid":{"rendered":"https:\/\/www.hbb.com.br\/site\/?p=2227"},"modified":"2024-02-27T14:25:28","modified_gmt":"2024-02-27T17:25:28","slug":"hbb-realiza-formatura-de-residencia-medica","status":"publish","type":"post","link":"https:\/\/www.hbb.com.br\/site\/hbb-realiza-formatura-de-residencia-medica\/","title":{"rendered":"HBB realiza formatura de Resid\u00eancia M\u00e9dica"},"content":{"rendered":"<p>O Hospital Bruno Born (HBB), de Lajeado, realiza na noite desta sexta-feira (16), \u00e0s 19h, formatura de Resid\u00eancia M\u00e9dica.<br \/>\nS\u00e3o oito m\u00e9dicos a conclu\u00edrem a etapa de forma\u00e7\u00e3o que os confere o t\u00edtulo de especialistas. Os que se capacitaram em Cl\u00ednica M\u00e9dica concluem a Resid\u00eancia de dois anos; os formandos em Psiquiatria e Radiologia e Diagn\u00f3stico por Imagem capacitaram-se por tr\u00eas anos.<\/p>\n<p>Os formandos<br \/>\nRaquel Muniz &#8211; Cl\u00ednica M\u00e9dica<br \/>\nAna Luisa Lanius &#8211; Cl\u00ednica M\u00e9dica<br \/>\nYuri Carlotto Ramires &#8211; Cl\u00ednica M\u00e9dica<br \/>\nMarilia Gabriela Zucchi Stein &#8211; Psiquiatria<br \/>\nTomaz Braganholo Carpentieri &#8211; Psiquiatria<br \/>\nBeatriz Gouvea Eggler &#8211; Radiologia E Diagn\u00f3stico Por Imagem<br \/>\nJean Carlo Holz &#8211; Radiologia E Diagn\u00f3stico Por Imagem<br \/>\nMariana Raguzzoni Aita &#8211; Radiologia E Diagn\u00f3stico\u00a0Por\u00a0Imagem<\/p>\n<p><img loading=\"lazy\" decoding=\"async\" class=\"alignnone size-full wp-image-2316\" src=\"https:\/\/www.hbb.com.br\/site\/wp-content\/uploads\/2024\/02\/97852620-4fa0-4c69-a1bf-15006c493066.jpg\" alt=\"\" width=\"923\" height=\"518\" srcset=\"https:\/\/www.hbb.com.br\/site\/wp-content\/uploads\/2024\/02\/97852620-4fa0-4c69-a1bf-15006c493066.jpg 923w, https:\/\/www.hbb.com.br\/site\/wp-content\/uploads\/2024\/02\/97852620-4fa0-4c69-a1bf-15006c493066-600x337.jpg 600w, https:\/\/www.hbb.com.br\/site\/wp-content\/uploads\/2024\/02\/97852620-4fa0-4c69-a1bf-15006c493066-150x84.jpg 150w\" sizes=\"(max-width: 923px) 100vw, 923px\" \/><\/p>\n","protected":false},"excerpt":{"rendered":"<p>O Hospital Bruno Born (HBB), de Lajeado, realiza na noite desta sexta-feira (16), \u00e0s 19h, formatura de Resid\u00eancia M\u00e9dica. S\u00e3o oito m\u00e9dicos a conclu\u00edrem a etapa de forma\u00e7\u00e3o que os confere o t\u00edtulo de especialistas. Os que se capacitaram em\u2026<\/p>\n","protected":false},"author":1,"featured_media":2228,"comment_status":"closed","ping_status":"closed","sticky":false,"template":"","format":"standard","meta":{"_acf_changed":false,"footnotes":""},"categories":[1],"acf":[],"_links":{"self":[{"href":"https:\/\/www.hbb.com.br\/site\/wp-json\/wp\/v2\/posts\/2227"}],"collection":[{"href":"https:\/\/www.hbb.com.br\/site\/wp-json\/wp\/v2\/posts"}],"about":[{"href":"https:\/\/www.hbb.com.br\/site\/wp-json\/wp\/v2\/types\/post"}],"author":[{"embeddable":true,"href":"https:\/\/www.hbb.com.br\/site\/wp-json\/wp\/v2\/users\/1"}],"replies":[{"embeddable":true,"href":"https:\/\/www.hbb.com.br\/site\/wp-json\/wp\/v2\/comments?post=2227"}],"version-history":[{"count":2,"href":"https:\/\/www.hbb.com.br\/site\/wp-json\/wp\/v2\/posts\/2227\/revisions"}],"predecessor-version":[{"id":2317,"href":"https:\/\/www.hbb.com.br\/site\/wp-json\/wp\/v2\/posts\/2227\/revisions\/2317"}],"wp:featuredmedia":[{"embeddable":true,"href":"https:\/\/www.hbb.com.br\/site\/wp-json\/wp\/v2\/media\/2228"}],"wp:attachment":[{"href":"https:\/\/www.hbb.com.br\/site\/wp-json\/wp\/v2\/media?parent=2227"}],"wp:term":[{"taxonomy":"category","embeddable":true,"href":"https:\/\/www.hbb.com.br\/site\/wp-json\/wp\/v2\/categories?post=2227"}],"curies":[{"name":"wp","href":"https:\/\/api.w.org\/{rel}","templated":true}]}}